{"id":3942,"date":"2025-10-01T08:08:18","date_gmt":"2025-10-01T06:08:18","guid":{"rendered":"https:\/\/cfdt-neo-soft.fr\/?p=3942"},"modified":"2025-10-17T04:09:37","modified_gmt":"2025-10-17T02:09:37","slug":"conges-payes-autour-du-samedi-1-novembre-111","status":"publish","type":"post","link":"https:\/\/cfdt-neo-soft.fr\/index.php\/2025\/10\/01\/conges-payes-autour-du-samedi-1-novembre-111\/","title":{"rendered":"Cong\u00e9s pay\u00e9s autour du samedi 1 novembre : 1+1=1"},"content":{"rendered":"\n<div class=\"wp-block-media-text is-stacked-on-mobile\" style=\"grid-template-columns:37% auto\"><figure class=\"wp-block-media-text__media\"><img loading=\"lazy\" decoding=\"async\" width=\"960\" height=\"640\" src=\"https:\/\/cfdt-neo-soft.fr\/wp-content\/uploads\/2025\/10\/toussaint2-alf-photo-adobestock-960x640-1.jpg\" alt=\"\" class=\"wp-image-3945 size-full\" srcset=\"https:\/\/cfdt-neo-soft.fr\/wp-content\/uploads\/2025\/10\/toussaint2-alf-photo-adobestock-960x640-1.jpg 960w, https:\/\/cfdt-neo-soft.fr\/wp-content\/uploads\/2025\/10\/toussaint2-alf-photo-adobestock-960x640-1-300x200.jpg 300w, https:\/\/cfdt-neo-soft.fr\/wp-content\/uploads\/2025\/10\/toussaint2-alf-photo-adobestock-960x640-1-768x512.jpg 768w, https:\/\/cfdt-neo-soft.fr\/wp-content\/uploads\/2025\/10\/toussaint2-alf-photo-adobestock-960x640-1-930x620.jpg 930w\" sizes=\"auto, (max-width: 960px) 100vw, 960px\" \/><\/figure><div class=\"wp-block-media-text__content\">\n<p>Pensez \u00e0 prendre un cong\u00e9 le vendredi 31 octobre et le lundi 3 novembre car le samedi 1 novembre est un jour f\u00e9ri\u00e9 !<br><strong>Vous serez recr\u00e9dit\u00e9 d&rsquo;un jour de CP.<\/strong><\/p>\n<\/div><\/div>\n\n\n\n<!--more-->\n\n\n\n<p>Voici une r\u00e8gle en vigueur qui n&rsquo;est pas forc\u00e9ment connue : lorsqu\u2019un week-end contient un samedi qui est un jour f\u00e9ri\u00e9 et qu\u2019un salari\u00e9 pose des cong\u00e9s imm\u00e9diatement avant et imm\u00e9diatement apr\u00e8s (donc le vendredi et le lundi), <strong>le salari\u00e9 se voit recr\u00e9dit\u00e9 d\u2019un jour de Cong\u00e9 Pay\u00e9<\/strong>. Vous b\u00e9n\u00e9ficiez donc de 2 jours f\u00e9ri\u00e9s alors que votre compteur de jours ne sera diminu\u00e9 que d&rsquo;un.<br><br>Attention :<\/p>\n\n\n\n<ul class=\"wp-block-list\">\n<li>La r\u00e8gle ne s&rsquo;applique que si le jour f\u00e9ri\u00e9 est un samedi.<\/li>\n\n\n\n<li>Elle n\u2019est pas valable si le salari\u00e9 pose des RTTs (il faut uniquement poser des Cong\u00e9s Pay\u00e9s).<\/li>\n<\/ul>\n\n\n\n<p>Ce m\u00e9canisme a d\u00e9j\u00e0 \u00e9t\u00e9 utilis\u00e9 par le pass\u00e9 et en principe les assistantes des diff\u00e9rentes agences sont bien au courant.<\/p>\n\n\n\n<p><mark style=\"background-color:rgba(0, 0, 0, 0);color:#ff7100\" class=\"has-inline-color\"><strong>Nous avons bien v\u00e9rifi\u00e9 aupr\u00e8s des assistantes et du service juridique que ceci \u00e9tait bien mis en \u0153uvre.<\/strong><\/mark><\/p>\n","protected":false},"excerpt":{"rendered":"<p>Pensez \u00e0 prendre un cong\u00e9 le vendredi 31 octobre et le lundi 3 novembre car le samedi 1 novembre est un jour f\u00e9ri\u00e9 !Vous serez recr\u00e9dit\u00e9 d&rsquo;un jour de CP.<\/p>\n","protected":false},"author":3,"featured_media":0,"comment_status":"closed","ping_status":"closed","sticky":false,"template":"","format":"standard","meta":{"_acf_changed":false,"neve_meta_sidebar":"","neve_meta_container":"","neve_meta_enable_content_width":"","neve_meta_content_width":0,"neve_meta_title_alignment":"","neve_meta_author_avatar":"","neve_post_elements_order":"","neve_meta_disable_header":"","neve_meta_disable_footer":"","neve_meta_disable_title":"","footnotes":""},"categories":[1],"tags":[],"class_list":["post-3942","post","type-post","status-publish","format-standard","hentry","category-non-classe"],"acf":[],"_links":{"self":[{"href":"https:\/\/cfdt-neo-soft.fr\/index.php\/wp-json\/wp\/v2\/posts\/3942","targetHints":{"allow":["GET"]}}],"collection":[{"href":"https:\/\/cfdt-neo-soft.fr\/index.php\/wp-json\/wp\/v2\/posts"}],"about":[{"href":"https:\/\/cfdt-neo-soft.fr\/index.php\/wp-json\/wp\/v2\/types\/post"}],"author":[{"embeddable":true,"href":"https:\/\/cfdt-neo-soft.fr\/index.php\/wp-json\/wp\/v2\/users\/3"}],"replies":[{"embeddable":true,"href":"https:\/\/cfdt-neo-soft.fr\/index.php\/wp-json\/wp\/v2\/comments?post=3942"}],"version-history":[{"count":12,"href":"https:\/\/cfdt-neo-soft.fr\/index.php\/wp-json\/wp\/v2\/posts\/3942\/revisions"}],"predecessor-version":[{"id":3995,"href":"https:\/\/cfdt-neo-soft.fr\/index.php\/wp-json\/wp\/v2\/posts\/3942\/revisions\/3995"}],"wp:attachment":[{"href":"https:\/\/cfdt-neo-soft.fr\/index.php\/wp-json\/wp\/v2\/media?parent=3942"}],"wp:term":[{"taxonomy":"category","embeddable":true,"href":"https:\/\/cfdt-neo-soft.fr\/index.php\/wp-json\/wp\/v2\/categories?post=3942"},{"taxonomy":"post_tag","embeddable":true,"href":"https:\/\/cfdt-neo-soft.fr\/index.php\/wp-json\/wp\/v2\/tags?post=3942"}],"curies":[{"name":"wp","href":"https:\/\/api.w.org\/{rel}","templated":true}]}}